{"id":1968,"date":"2014-05-28T11:14:02","date_gmt":"2014-05-28T09:14:02","guid":{"rendered":"https:\/\/www.forum-soegel.de\/forum\/?p=1968"},"modified":"2014-05-28T11:14:02","modified_gmt":"2014-05-28T09:14:02","slug":"mitgliederversammlung-des-forum-sogel-e-v","status":"publish","type":"post","link":"https:\/\/www.forum-soegel.de\/forum\/archives\/1968","title":{"rendered":"Mitgliederversammlung des FORUM S\u00f6gel e.V."},"content":{"rendered":"<p>Am 22. 5. 14 fand die allj\u00e4hrliche Mitgliedersammlung des Forums statt. Im Clemenswerther Hof, S\u00f6gel, konnte der Vorsitzende Bernd Eggert neben den Vereinsmitgliedern die S\u00f6geler B\u00fcrgermeisterin Irmgard Welling und den Ersten Samtgemeinderat Hans Nowak begr\u00fc\u00dfen. Nach einem Gedenken der im verflossenen Jahr verstorbenen Vereinsmitglieder gab B. Eggert einen Rechenschaftsbericht f\u00fcrs letzte Jahr in Form einer Text- und Bilderschau. Neben vielen anderen Aktivit\u00e4ten sind dabei besonders zu nennen die Fortf\u00fchrung der Geschichtswerkstatt bis zum Jahr 1945 mit ihrer Vorstellung bei den Forumsmitgliedern, die Buchpr\u00e4sentation &#8222;Zu Hause ist, wo man Wurzeln&#8220; schl\u00e4gt im S\u00f6geler Rathaus, die Teilnahme an der Ideen-Kultur-B\u00f6rse in Lingen, die mit der KEB durchgef\u00fchrte Vortragsreihe &#8222;Den H\u00fcmmling verstehen&#8220; und nicht zuletzt die F\u00fchrung von 31 Besuchergruppen und insgesamt 610 Besuchern durch die Geschichtswerkstatt.<\/p>\n<p>Neben den laufenden Arbeiten f\u00fcr das Monatsperiodikum IfS und den F\u00fchrungen in der Geschichtswerkstatt sind f\u00fcr das kommende Jahr geplant und teils schon &#8222;in trockenen T\u00fcchern&#8220; die Ausstellung &#8222;S\u00f6gel im Ersten Weltkrieg&#8220; im S\u00f6geler Rathaus Ludmillenhof (Er\u00f6ffnung am 21. 7. 14) mit Ver\u00f6ffentlichung eines Quellenbandes, eine Sonderausstellung zum deutschen Widerstand &#8222;Was konnten sie tun?&#8220; im September\/Oktober in der Geschichtswerkstatt und neben vielen weiteren Themenangeboten die Fortf\u00fchrung der Pr\u00e4sentation in der Geschichtswerkstatt von 1945 bis in die Jetztzeit. Dabei werden ins Blickfeld genommen: die Kriegsauswirkungen mit ihren verschiedenen Facetten, die britische Besatzung, die Gr\u00fcndung von Niedersachsen, Emslandplan, Kreisreform u. a. m.<\/p>\n<p>Nachdem die Kassenwartin Bettina Weinreich und der Vorstand entlastet worden waren, schritt man zur turnusm\u00e4\u00dfigen Wahl eines Teils des Vorstands. Einstimig bei jeweils einer Enthaltung wurden wieder gew\u00e4hlt: Bernd Eggert, Vorsitzender, Hermann Wichmann, erster Beisitzer, und Uwe M\u00fcller als Schriftf\u00fchrer. Gisela Henze und Werner Sch\u00fcler wurden zu Kassenpr\u00fcfern gew\u00e4hlt.<\/p>\n<p>Der diesj\u00e4hrige Gastredner auf der Mitgliederversammlung war der Historiker Henning Strotbek. Er thematisierte in einem hoch interessanten und informativen von Bildern unterst\u00fctzten Vortrag die Erinnerungskultur unter dem Titel &#8222;2014 &#8211; Jahr der Erinnerungen&#8220;.<\/p>\n<p>Heiner Wellenbrock erl\u00e4uterte neue Entwicklungen bei den &#8222;Informationen f\u00fcr S\u00f6gel und Umgebung&#8220; und nach einem Dankwort von Irmgard Welling f\u00fcr die Bildungsarbeit des Forums und die Ausweitung der IfS-Verbreitung auf die Samtgemeinde konnte B. Eggert die Versammlung schlie\u00dfen und man ging zum informellen Gespr\u00e4ch in geselligem Beisammensein \u00fcber.<\/p>\n<p><a href=\"https:\/\/www.forum-soegel.de\/forum\/wp-content\/uploads\/DSC00115.jpg\"><img loading=\"lazy\" decoding=\"async\" class=\"size-medium wp-image-1969 alignleft\" title=\"DSC00115\" src=\"https:\/\/www.forum-soegel.de\/forum\/wp-content\/uploads\/DSC00115-300x228.jpg\" alt=\"\" width=\"300\" height=\"228\" srcset=\"https:\/\/www.forum-soegel.de\/forum\/wp-content\/uploads\/DSC00115-300x228.jpg 300w, https:\/\/www.forum-soegel.de\/forum\/wp-content\/uploads\/DSC00115-1024x779.jpg 1024w\" sizes=\"auto, (max-width: 300px) 100vw, 300px\" \/><\/a><a href=\"https:\/\/www.forum-soegel.de\/forum\/wp-content\/uploads\/DSC00127.jpg\"><\/a><\/p>\n<p><a href=\"https:\/\/www.forum-soegel.de\/forum\/wp-content\/uploads\/DSC001271.jpg\"><img loading=\"lazy\" decoding=\"async\" class=\"alignleft size-medium wp-image-1971\" title=\"DSC00127\" src=\"https:\/\/www.forum-soegel.de\/forum\/wp-content\/uploads\/DSC001271-300x200.jpg\" alt=\"\" width=\"300\" height=\"200\" srcset=\"https:\/\/www.forum-soegel.de\/forum\/wp-content\/uploads\/DSC001271-300x200.jpg 300w, https:\/\/www.forum-soegel.de\/forum\/wp-content\/uploads\/DSC001271-1024x682.jpg 1024w\" sizes=\"auto, (max-width: 300px) 100vw, 300px\" \/><\/a><\/p>\n<p><a href=\"https:\/\/www.forum-soegel.de\/forum\/wp-content\/uploads\/Vorstand-2014.jpg\"><img loading=\"lazy\" decoding=\"async\" class=\"alignleft size-medium wp-image-1972\" title=\"Vorstand 2014\" src=\"https:\/\/www.forum-soegel.de\/forum\/wp-content\/uploads\/Vorstand-2014-300x168.jpg\" alt=\"\" width=\"300\" height=\"168\" srcset=\"https:\/\/www.forum-soegel.de\/forum\/wp-content\/uploads\/Vorstand-2014-300x168.jpg 300w, https:\/\/www.forum-soegel.de\/forum\/wp-content\/uploads\/Vorstand-2014.jpg 741w\" sizes=\"auto, (max-width: 300px) 100vw, 300px\" \/><\/a><\/p>\n","protected":false},"excerpt":{"rendered":"Am 22. 5. 14 fand die allj\u00e4hrliche Mitgliedersammlung des Forums statt. Im Clemenswerther Hof, S\u00f6gel, konnte der Vorsitzende Bernd Eggert neben den Vereinsmitgliedern die S\u00f6geler B\u00fcrgermeisterin Irmgard Welling und den Ersten Samtgemeinderat Hans Nowak begr\u00fc\u00dfen. Nach einem Gedenken der im verflossenen Jahr verstorbenen Vereinsmitglieder gab B. Eggert einen Rechenschaftsbericht f\u00fcrs letzte Jahr in Form einer [&hellip;]\n","protected":false},"author":2,"featured_media":0,"comment_status":"open","ping_status":"open","sticky":false,"template":"","format":"standard","meta":{"ngg_post_thumbnail":0,"footnotes":""},"categories":[1],"tags":[],"class_list":["post-1968","post","type-post","status-publish","format-standard","hentry","category-veranstaltungen"],"_links":{"self":[{"href":"https:\/\/www.forum-soegel.de\/forum\/wp-json\/wp\/v2\/posts\/1968","targetHints":{"allow":["GET"]}}],"collection":[{"href":"https:\/\/www.forum-soegel.de\/forum\/wp-json\/wp\/v2\/posts"}],"about":[{"href":"https:\/\/www.forum-soegel.de\/forum\/wp-json\/wp\/v2\/types\/post"}],"author":[{"embeddable":true,"href":"https:\/\/www.forum-soegel.de\/forum\/wp-json\/wp\/v2\/users\/2"}],"replies":[{"embeddable":true,"href":"https:\/\/www.forum-soegel.de\/forum\/wp-json\/wp\/v2\/comments?post=1968"}],"version-history":[{"count":1,"href":"https:\/\/www.forum-soegel.de\/forum\/wp-json\/wp\/v2\/posts\/1968\/revisions"}],"predecessor-version":[{"id":1973,"href":"https:\/\/www.forum-soegel.de\/forum\/wp-json\/wp\/v2\/posts\/1968\/revisions\/1973"}],"wp:attachment":[{"href":"https:\/\/www.forum-soegel.de\/forum\/wp-json\/wp\/v2\/media?parent=1968"}],"wp:term":[{"taxonomy":"category","embeddable":true,"href":"https:\/\/www.forum-soegel.de\/forum\/wp-json\/wp\/v2\/categories?post=1968"},{"taxonomy":"post_tag","embeddable":true,"href":"https:\/\/www.forum-soegel.de\/forum\/wp-json\/wp\/v2\/tags?post=1968"}],"curies":[{"name":"wp","href":"https:\/\/api.w.org\/{rel}","templated":true}]}}