{"id":1920,"date":"2014-04-18T16:58:20","date_gmt":"2014-04-18T14:58:20","guid":{"rendered":"https:\/\/www.forum-soegel.de\/forum\/?p=1920"},"modified":"2014-04-18T16:58:20","modified_gmt":"2014-04-18T14:58:20","slug":"europa-vor-den-wahlen-%e2%80%93-wohin-steuert-europa","status":"publish","type":"post","link":"https:\/\/www.forum-soegel.de\/forum\/archives\/1920","title":{"rendered":"Europa vor den Wahlen \u2013 Wohin steuert Europa?"},"content":{"rendered":"<p>Dieses h\u00f6chst aktuellen Themas hat sich das Soziale Seminar S\u00f6gel in einer f\u00fcnfteiligen Vortragsreihe angenommen.<\/p>\n<p>Als Referent konnte der Politologe Norbert Wegmann gewonnen werden, ein profunder Kenner der Thematik. In seinem Gru\u00dfwort betonte der Vorsitzende des FORUM S\u00f6gel e.V., dass kein passenderer Veranstaltungsort gefunden werden konnte, als die Geschichts \u2013 und Zukunftswerkstatt, weil hier die Br\u00fccke geschlagen wird von der Geschichte \u00fcber die Gegenwart hin in die Zukunft.<\/p>\n<p>Nach einem einf\u00fchrenden \u00dcberblick \u00fcber die Institutionen und Akteure in der EU anl\u00e4sslich der Auftaktveranstaltung, stellte sich zum zweiten Vortragstermin der hiesige Kandidat f\u00fcr das Europ\u00e4ische Parlament, Rechtsanwalt Jens Gieseke den zahlreichen Fragen des Publikums. In anschaulicher Weise erl\u00e4uterte er aktuelle Entwicklungen zum Wahlvorgang und dar\u00fcber hinaus zu dem breiten T\u00e4tigkeitsspektrum der Institutionen der Europ\u00e4ischen Union. Was ihm besonders am Herzen lag, war, mit dem bisweilen negativ wahrgenommenen Erscheinungsbild der EU in der Bev\u00f6lkerung aufzur\u00e4umen. Klischees ,wie<\/p>\n<p>\u201edie k\u00fcmmern sich in Br\u00fcssel doch nur um die Form der Gurken\u201c geh\u00f6ren endlich aus den K\u00f6pfen. Weitere Problempunkte seien die niedrige Wahlbeteiligung und der gerichtlich festgestellte Wegfall der Sperrklausel, wodurch Kleinstgruppierungen\/ -parteien der Einzug ins Parlament erm\u00f6glicht w\u00fcrde.<\/p>\n<p>Die weiteren Termine und Themen der Vortragsreihe sind aus dem unten abgedruckten Flyer ersichtlich<\/p>\n<p><a href=\"https:\/\/www.forum-soegel.de\/forum\/wp-content\/uploads\/soz.jpg\"><img loading=\"lazy\" decoding=\"async\" class=\"aligncenter size-medium wp-image-1921\" title=\"soz\" src=\"https:\/\/www.forum-soegel.de\/forum\/wp-content\/uploads\/soz-300x273.jpg\" alt=\"\" width=\"300\" height=\"273\" srcset=\"https:\/\/www.forum-soegel.de\/forum\/wp-content\/uploads\/soz-300x273.jpg 300w, https:\/\/www.forum-soegel.de\/forum\/wp-content\/uploads\/soz-1024x932.jpg 1024w, https:\/\/www.forum-soegel.de\/forum\/wp-content\/uploads\/soz.jpg 1412w\" sizes=\"auto, (max-width: 300px) 100vw, 300px\" \/><\/a><\/p>\n","protected":false},"excerpt":{"rendered":"Dieses h\u00f6chst aktuellen Themas hat sich das Soziale Seminar S\u00f6gel in einer f\u00fcnfteiligen Vortragsreihe angenommen. Als Referent konnte der Politologe Norbert Wegmann gewonnen werden, ein profunder Kenner der Thematik. In seinem Gru\u00dfwort betonte der Vorsitzende des FORUM S\u00f6gel e.V., dass kein passenderer Veranstaltungsort gefunden werden konnte, als die Geschichts \u2013 und Zukunftswerkstatt, weil hier die [&hellip;]\n","protected":false},"author":2,"featured_media":0,"comment_status":"open","ping_status":"open","sticky":false,"template":"","format":"standard","meta":{"ngg_post_thumbnail":0,"footnotes":""},"categories":[1],"tags":[],"class_list":["post-1920","post","type-post","status-publish","format-standard","hentry","category-veranstaltungen"],"_links":{"self":[{"href":"https:\/\/www.forum-soegel.de\/forum\/wp-json\/wp\/v2\/posts\/1920","targetHints":{"allow":["GET"]}}],"collection":[{"href":"https:\/\/www.forum-soegel.de\/forum\/wp-json\/wp\/v2\/posts"}],"about":[{"href":"https:\/\/www.forum-soegel.de\/forum\/wp-json\/wp\/v2\/types\/post"}],"author":[{"embeddable":true,"href":"https:\/\/www.forum-soegel.de\/forum\/wp-json\/wp\/v2\/users\/2"}],"replies":[{"embeddable":true,"href":"https:\/\/www.forum-soegel.de\/forum\/wp-json\/wp\/v2\/comments?post=1920"}],"version-history":[{"count":2,"href":"https:\/\/www.forum-soegel.de\/forum\/wp-json\/wp\/v2\/posts\/1920\/revisions"}],"predecessor-version":[{"id":1923,"href":"https:\/\/www.forum-soegel.de\/forum\/wp-json\/wp\/v2\/posts\/1920\/revisions\/1923"}],"wp:attachment":[{"href":"https:\/\/www.forum-soegel.de\/forum\/wp-json\/wp\/v2\/media?parent=1920"}],"wp:term":[{"taxonomy":"category","embeddable":true,"href":"https:\/\/www.forum-soegel.de\/forum\/wp-json\/wp\/v2\/categories?post=1920"},{"taxonomy":"post_tag","embeddable":true,"href":"https:\/\/www.forum-soegel.de\/forum\/wp-json\/wp\/v2\/tags?post=1920"}],"curies":[{"name":"wp","href":"https:\/\/api.w.org\/{rel}","templated":true}]}}