{"id":1911,"date":"2014-03-25T19:32:44","date_gmt":"2014-03-25T18:32:44","guid":{"rendered":"https:\/\/www.forum-soegel.de\/forum\/?p=1911"},"modified":"2014-03-25T19:32:44","modified_gmt":"2014-03-25T18:32:44","slug":"%e2%80%9eden-hummling-verstehen%e2%80%9c","status":"publish","type":"post","link":"https:\/\/www.forum-soegel.de\/forum\/archives\/1911","title":{"rendered":"\u201eDen H\u00fcmmling verstehen\u201c"},"content":{"rendered":"<p><strong>\u201eDen H\u00fcmmling verstehen\u201c <\/strong><strong>&#8211; Geschichte \u2013 Entwicklung \u2013 Mentalit\u00e4t \u2013<\/strong><\/p>\n<p><strong> <\/strong><\/p>\n<p>Unter dieser Themenstellung steht eine Vortragsreihe, die vom FORUM S\u00f6gel e.V. gemeinsam mit der Katholischen Erwachsenenbildung (KEB) angeboten wird.<\/p>\n<p>Einzelheiten dazu ( Inhalte, Termine, Veranstaltungsort usw.) finden Sie auf dem unten stehenden Plakat.<\/p>\n<p>Das FORUM S\u00f6gel\u00a0 und die KEB freuen sich, Sie zu den einzelnen Veranstaltungen in der Geschichts- und Zukunftswerkstatt begr\u00fc\u00dfen zu d\u00fcrfen.<\/p>\n<p><span style=\"text-decoration: underline;\"><a href=\"https:\/\/www.forum-soegel.de\/forum\/wp-content\/uploads\/KEB-Plakat.jpg\"><img loading=\"lazy\" decoding=\"async\" class=\"alignnone size-medium wp-image-1914\" title=\"KEB Plakat\" src=\"https:\/\/www.forum-soegel.de\/forum\/wp-content\/uploads\/KEB-Plakat-177x300.jpg\" alt=\"\" width=\"177\" height=\"300\" srcset=\"https:\/\/www.forum-soegel.de\/forum\/wp-content\/uploads\/KEB-Plakat-177x300.jpg 177w, https:\/\/www.forum-soegel.de\/forum\/wp-content\/uploads\/KEB-Plakat-606x1024.jpg 606w, https:\/\/www.forum-soegel.de\/forum\/wp-content\/uploads\/KEB-Plakat.jpg 1318w\" sizes=\"auto, (max-width: 177px) 100vw, 177px\" \/><\/a><\/span><\/p>\n","protected":false},"excerpt":{"rendered":"\u201eDen H\u00fcmmling verstehen\u201c &#8211; Geschichte \u2013 Entwicklung \u2013 Mentalit\u00e4t \u2013 Unter dieser Themenstellung steht eine Vortragsreihe, die vom FORUM S\u00f6gel e.V. gemeinsam mit der Katholischen Erwachsenenbildung (KEB) angeboten wird. Einzelheiten dazu ( Inhalte, Termine, Veranstaltungsort usw.) finden Sie auf dem unten stehenden Plakat. Das FORUM S\u00f6gel\u00a0 und die KEB freuen sich, Sie zu den einzelnen [&hellip;]\n","protected":false},"author":2,"featured_media":0,"comment_status":"open","ping_status":"open","sticky":false,"template":"","format":"standard","meta":{"ngg_post_thumbnail":0,"footnotes":""},"categories":[1],"tags":[],"class_list":["post-1911","post","type-post","status-publish","format-standard","hentry","category-veranstaltungen"],"_links":{"self":[{"href":"https:\/\/www.forum-soegel.de\/forum\/wp-json\/wp\/v2\/posts\/1911","targetHints":{"allow":["GET"]}}],"collection":[{"href":"https:\/\/www.forum-soegel.de\/forum\/wp-json\/wp\/v2\/posts"}],"about":[{"href":"https:\/\/www.forum-soegel.de\/forum\/wp-json\/wp\/v2\/types\/post"}],"author":[{"embeddable":true,"href":"https:\/\/www.forum-soegel.de\/forum\/wp-json\/wp\/v2\/users\/2"}],"replies":[{"embeddable":true,"href":"https:\/\/www.forum-soegel.de\/forum\/wp-json\/wp\/v2\/comments?post=1911"}],"version-history":[{"count":3,"href":"https:\/\/www.forum-soegel.de\/forum\/wp-json\/wp\/v2\/posts\/1911\/revisions"}],"predecessor-version":[{"id":2011,"href":"https:\/\/www.forum-soegel.de\/forum\/wp-json\/wp\/v2\/posts\/1911\/revisions\/2011"}],"wp:attachment":[{"href":"https:\/\/www.forum-soegel.de\/forum\/wp-json\/wp\/v2\/media?parent=1911"}],"wp:term":[{"taxonomy":"category","embeddable":true,"href":"https:\/\/www.forum-soegel.de\/forum\/wp-json\/wp\/v2\/categories?post=1911"},{"taxonomy":"post_tag","embeddable":true,"href":"https:\/\/www.forum-soegel.de\/forum\/wp-json\/wp\/v2\/tags?post=1911"}],"curies":[{"name":"wp","href":"https:\/\/api.w.org\/{rel}","templated":true}]}}