{"id":1799,"date":"2013-11-06T08:43:30","date_gmt":"2013-11-06T07:43:30","guid":{"rendered":"https:\/\/www.forum-soegel.de\/forum\/?p=1799"},"modified":"2013-11-06T08:43:30","modified_gmt":"2013-11-06T07:43:30","slug":"familiennachmittag-im-forum","status":"publish","type":"post","link":"https:\/\/www.forum-soegel.de\/forum\/archives\/1799","title":{"rendered":"Familiennachmittag im FORUM"},"content":{"rendered":"<p><strong>Familiennachmittag im FORUM<\/strong><\/p>\n<p>Eine au\u00dfergew\u00f6hnliche Atmosph\u00e4re herrschte am Samstag, den 02. November in der Geschichts- und Zukunftswerkstatt sowie den angrenzenden R\u00e4umen der B\u00fccherei.<\/p>\n<p>16 Kinder tummelten sich an verschiedenen Spielstationen. Ein Bauernhausmodell zusammenbauen, Weihnachtskarten drucken, Vorlesen, Worte bilden an der Buchstabenwand, Puzzeln: all das stand auf dem Programm.<\/p>\n<p>W\u00e4hrenddessen war f\u00fcr die Eltern Gelegenheit gegeben, die Ausstellung in der Geschichts- und Zukunftswerkstatt zu besichtigen. F\u00fcr die meisten von ihnen war die neue erweiterte Pr\u00e4sentation des Zeitabschnitts von 1866 bis 1945 noch nicht bekannt. Wie immer meisterlich erl\u00e4uterte Bernd Schulte nicht nur die Inhalte, sondern auch das Warum und Wieso, n\u00e4mlich die Ziele und Absichten des FORUM S\u00f6gel e.V..<\/p>\n<p>Die Idee zu dem Familiennachmittag entstand vor dem Hintergrund, dass die jungen Eltern unter den Vereinsmitgliedern wegen der Kinderbetreuung oftmals verhindert sind, an den Veranstaltungen des FORUM teilzunehmen.<\/p>\n<p>Nach einem f\u00fcr die Kinder mit viel Spa\u00df und f\u00fcr die Erwachsenen mit reichlich Information ausgef\u00fcllten Nachmittag kam bei der Verabschiedung einhellig der Wunsch auf, eine solche Veranstaltung im kommenden Jahr zu wiederholen.<\/p>\n<p><a href=\"https:\/\/www.forum-soegel.de\/forum\/wp-content\/uploads\/IMG_5301.jpg\"><img loading=\"lazy\" decoding=\"async\" class=\"alignnone size-medium wp-image-1800\" title=\"IMG_5301\" src=\"https:\/\/www.forum-soegel.de\/forum\/wp-content\/uploads\/IMG_5301-300x224.jpg\" alt=\"\" width=\"300\" height=\"224\" srcset=\"https:\/\/www.forum-soegel.de\/forum\/wp-content\/uploads\/IMG_5301-300x224.jpg 300w, https:\/\/www.forum-soegel.de\/forum\/wp-content\/uploads\/IMG_5301-1024x768.jpg 1024w\" sizes=\"auto, (max-width: 300px) 100vw, 300px\" \/><\/a><\/p>\n<p><a href=\"https:\/\/www.forum-soegel.de\/forum\/wp-content\/uploads\/IMG_5305.jpg\"><img loading=\"lazy\" decoding=\"async\" class=\"alignnone size-medium wp-image-1801\" title=\"IMG_5305\" src=\"https:\/\/www.forum-soegel.de\/forum\/wp-content\/uploads\/IMG_5305-300x224.jpg\" alt=\"\" width=\"300\" height=\"224\" srcset=\"https:\/\/www.forum-soegel.de\/forum\/wp-content\/uploads\/IMG_5305-300x224.jpg 300w, https:\/\/www.forum-soegel.de\/forum\/wp-content\/uploads\/IMG_5305-1024x768.jpg 1024w\" sizes=\"auto, (max-width: 300px) 100vw, 300px\" \/><\/a><\/p>\n<p><a href=\"https:\/\/www.forum-soegel.de\/forum\/wp-content\/uploads\/IMG_5311.jpg\"><img loading=\"lazy\" decoding=\"async\" class=\"alignnone size-medium wp-image-1802\" title=\"IMG_5311\" src=\"https:\/\/www.forum-soegel.de\/forum\/wp-content\/uploads\/IMG_5311-300x224.jpg\" alt=\"\" width=\"300\" height=\"224\" srcset=\"https:\/\/www.forum-soegel.de\/forum\/wp-content\/uploads\/IMG_5311-300x224.jpg 300w, https:\/\/www.forum-soegel.de\/forum\/wp-content\/uploads\/IMG_5311-1024x768.jpg 1024w\" sizes=\"auto, (max-width: 300px) 100vw, 300px\" \/><\/a><\/p>\n","protected":false},"excerpt":{"rendered":"Familiennachmittag im FORUM Eine au\u00dfergew\u00f6hnliche Atmosph\u00e4re herrschte am Samstag, den 02. November in der Geschichts- und Zukunftswerkstatt sowie den angrenzenden R\u00e4umen der B\u00fccherei. 16 Kinder tummelten sich an verschiedenen Spielstationen. Ein Bauernhausmodell zusammenbauen, Weihnachtskarten drucken, Vorlesen, Worte bilden an der Buchstabenwand, Puzzeln: all das stand auf dem Programm. W\u00e4hrenddessen war f\u00fcr die Eltern Gelegenheit gegeben, [&hellip;]\n","protected":false},"author":2,"featured_media":0,"comment_status":"open","ping_status":"open","sticky":false,"template":"","format":"standard","meta":{"ngg_post_thumbnail":0,"footnotes":""},"categories":[1],"tags":[],"class_list":["post-1799","post","type-post","status-publish","format-standard","hentry","category-veranstaltungen"],"_links":{"self":[{"href":"https:\/\/www.forum-soegel.de\/forum\/wp-json\/wp\/v2\/posts\/1799","targetHints":{"allow":["GET"]}}],"collection":[{"href":"https:\/\/www.forum-soegel.de\/forum\/wp-json\/wp\/v2\/posts"}],"about":[{"href":"https:\/\/www.forum-soegel.de\/forum\/wp-json\/wp\/v2\/types\/post"}],"author":[{"embeddable":true,"href":"https:\/\/www.forum-soegel.de\/forum\/wp-json\/wp\/v2\/users\/2"}],"replies":[{"embeddable":true,"href":"https:\/\/www.forum-soegel.de\/forum\/wp-json\/wp\/v2\/comments?post=1799"}],"version-history":[{"count":2,"href":"https:\/\/www.forum-soegel.de\/forum\/wp-json\/wp\/v2\/posts\/1799\/revisions"}],"predecessor-version":[{"id":1804,"href":"https:\/\/www.forum-soegel.de\/forum\/wp-json\/wp\/v2\/posts\/1799\/revisions\/1804"}],"wp:attachment":[{"href":"https:\/\/www.forum-soegel.de\/forum\/wp-json\/wp\/v2\/media?parent=1799"}],"wp:term":[{"taxonomy":"category","embeddable":true,"href":"https:\/\/www.forum-soegel.de\/forum\/wp-json\/wp\/v2\/categories?post=1799"},{"taxonomy":"post_tag","embeddable":true,"href":"https:\/\/www.forum-soegel.de\/forum\/wp-json\/wp\/v2\/tags?post=1799"}],"curies":[{"name":"wp","href":"https:\/\/api.w.org\/{rel}","templated":true}]}}