{"id":1772,"date":"2013-09-26T15:05:58","date_gmt":"2013-09-26T13:05:58","guid":{"rendered":"https:\/\/www.forum-soegel.de\/forum\/?p=1772"},"modified":"2013-09-26T15:08:08","modified_gmt":"2013-09-26T13:08:08","slug":"besuch-aus-den-niederlanden","status":"publish","type":"post","link":"https:\/\/www.forum-soegel.de\/forum\/archives\/1772","title":{"rendered":"Besuch aus den Niederlanden"},"content":{"rendered":"<p><strong>Besuch aus den Niederlanden<\/strong><\/p>\n<p>25. September 2013:<\/p>\n<p>Heute besuchte eine Delegation der S\u00f6geler Partnergemeinde Norg aus den Niederlanden die Geschichts- und Zukunftswerkstatt des FORUM S\u00f6gel e.V.<\/p>\n<p>Aber nicht nur das stand auf dem Programm. Es folgte ein Rundgang durch 2000 Jahre europ\u00e4ischer Geschichte. Da an dem Projekt \u201eEurop\u00e4ischer Geschichtsweg\u201c auch eine Gemeinde aus den Niederlanden beteiligt ist, weckte nat\u00fcrlich die Darstellung herausragender geschichtlicher Ereignisse aus niederl\u00e4ndischer Sicht besonderes Interesse.<\/p>\n<p>Zur\u00fcck zum Besuch in der Geschichts- und Zukunftswerkstatt. Hier erwartete die Besucher eine Zeitreise durch 150 Jahre emsl\u00e4ndische-, H\u00fcmmlinger- und S\u00f6geler Geschichte.<\/p>\n<p>Spannend waren die Randgespr\u00e4che, die sich im Verlauf der dargebotenen Pr\u00e4sentation ergaben. An vielen Stellen wurden zu diversen Geschichtsereignissen die Parallelen aber auch die Verschiedenheiten im Erleben und der Betrachtung diskutiert. Wie k\u00f6nnte es anders sein, die Gemeinsamkeiten innerhalb der grenznahen Region \u00fcberwogen. Und weil das Verstehen des\u00a0 Gemeinsamens weiter ausgebaut und gefestigt werden soll, wurde gleich ein Treffen der \u00f6rtlichen Schulen beider Gemeinden in der Geschichts- und Zukunftswerkstatt vereinbart.<\/p>\n<p><a href=\"https:\/\/www.forum-soegel.de\/forum\/wp-content\/uploads\/P1010019.jpg\"><img loading=\"lazy\" decoding=\"async\" class=\"alignnone size-medium wp-image-1773\" title=\"P1010019\" src=\"https:\/\/www.forum-soegel.de\/forum\/wp-content\/uploads\/P1010019-300x225.jpg\" alt=\"\" width=\"300\" height=\"225\" srcset=\"https:\/\/www.forum-soegel.de\/forum\/wp-content\/uploads\/P1010019-300x225.jpg 300w, https:\/\/www.forum-soegel.de\/forum\/wp-content\/uploads\/P1010019-1024x768.jpg 1024w\" sizes=\"auto, (max-width: 300px) 100vw, 300px\" \/><\/a><\/p>\n<p><a href=\"https:\/\/www.forum-soegel.de\/forum\/wp-content\/uploads\/P10100031.jpg\"><img loading=\"lazy\" decoding=\"async\" class=\"alignnone size-medium wp-image-1783\" title=\"P1010003\" src=\"https:\/\/www.forum-soegel.de\/forum\/wp-content\/uploads\/P10100031-300x225.jpg\" alt=\"\" width=\"300\" height=\"225\" srcset=\"https:\/\/www.forum-soegel.de\/forum\/wp-content\/uploads\/P10100031-300x225.jpg 300w, https:\/\/www.forum-soegel.de\/forum\/wp-content\/uploads\/P10100031-1024x768.jpg 1024w\" sizes=\"auto, (max-width: 300px) 100vw, 300px\" \/><\/a><\/p>\n","protected":false},"excerpt":{"rendered":"Besuch aus den Niederlanden 25. September 2013: Heute besuchte eine Delegation der S\u00f6geler Partnergemeinde Norg aus den Niederlanden die Geschichts- und Zukunftswerkstatt des FORUM S\u00f6gel e.V. Aber nicht nur das stand auf dem Programm. Es folgte ein Rundgang durch 2000 Jahre europ\u00e4ischer Geschichte. Da an dem Projekt \u201eEurop\u00e4ischer Geschichtsweg\u201c auch eine Gemeinde aus den Niederlanden [&hellip;]\n","protected":false},"author":2,"featured_media":0,"comment_status":"open","ping_status":"open","sticky":false,"template":"","format":"standard","meta":{"ngg_post_thumbnail":0,"footnotes":""},"categories":[1],"tags":[],"class_list":["post-1772","post","type-post","status-publish","format-standard","hentry","category-veranstaltungen"],"_links":{"self":[{"href":"https:\/\/www.forum-soegel.de\/forum\/wp-json\/wp\/v2\/posts\/1772","targetHints":{"allow":["GET"]}}],"collection":[{"href":"https:\/\/www.forum-soegel.de\/forum\/wp-json\/wp\/v2\/posts"}],"about":[{"href":"https:\/\/www.forum-soegel.de\/forum\/wp-json\/wp\/v2\/types\/post"}],"author":[{"embeddable":true,"href":"https:\/\/www.forum-soegel.de\/forum\/wp-json\/wp\/v2\/users\/2"}],"replies":[{"embeddable":true,"href":"https:\/\/www.forum-soegel.de\/forum\/wp-json\/wp\/v2\/comments?post=1772"}],"version-history":[{"count":5,"href":"https:\/\/www.forum-soegel.de\/forum\/wp-json\/wp\/v2\/posts\/1772\/revisions"}],"predecessor-version":[{"id":1784,"href":"https:\/\/www.forum-soegel.de\/forum\/wp-json\/wp\/v2\/posts\/1772\/revisions\/1784"}],"wp:attachment":[{"href":"https:\/\/www.forum-soegel.de\/forum\/wp-json\/wp\/v2\/media?parent=1772"}],"wp:term":[{"taxonomy":"category","embeddable":true,"href":"https:\/\/www.forum-soegel.de\/forum\/wp-json\/wp\/v2\/categories?post=1772"},{"taxonomy":"post_tag","embeddable":true,"href":"https:\/\/www.forum-soegel.de\/forum\/wp-json\/wp\/v2\/tags?post=1772"}],"curies":[{"name":"wp","href":"https:\/\/api.w.org\/{rel}","templated":true}]}}