{"id":1519,"date":"2012-12-20T18:35:37","date_gmt":"2012-12-20T17:35:37","guid":{"rendered":"https:\/\/www.forum-soegel.de\/forum\/?p=1519"},"modified":"2012-12-22T13:32:04","modified_gmt":"2012-12-22T12:32:04","slug":"rudolf-seiters-in-der-geschichtswerkstatt","status":"publish","type":"post","link":"https:\/\/www.forum-soegel.de\/forum\/archives\/1519","title":{"rendered":"Rudolf Seiters in der Geschichtswerkstatt"},"content":{"rendered":"<p>Am Dienstag, dem 18. 12. 2012, besuchte ein Mitgestalter j\u00fcngster Geschichte die Geschichts- und Zukunftswerkstatt des Forums S\u00f6gel. Dr. Rudolf Seiters, Pr\u00e4sident des Deutschen Roten Kreuzes, Bundesinnenminister a. D., Leiter des Bundeskanzleramts zur Zeit der Wiedervereinigung und F\u00fchrer der Verhandlungen der Bundesrepublik mit der DDR, kam auf Einladung des S\u00f6geler Ehrenb\u00fcrgermeisters Heiner Wellenbrock und des Forums in die Geschichtswerkstatt. Hier traf er neben dem Vorstand des Forums Vertreter des Heimatvereins Aschendorf und &#8211; besonders wichtig &#8211; Sch\u00fcler der Klasse 11 des H\u00fcmmlinggymnasiums mit ihrem Geschichtslehrer sowie dem Schulleiter.<\/p>\n<p>Zun\u00e4chst wurde Herrn Seiters zusammen mit Sch\u00fclern die &#8222;Wiedervereinigungsstele&#8220; des Europ\u00e4ischen Geschichtswegs, der vor der Werkstatt endet, gezeigt. Sp\u00e4ter erl\u00e4uterte Josef M\u00f6hlenkamp, der mit Hans M\u00f6hlenkamp und dem Heimatverein Aschendorf Initiator des EGW&#8217;s ist, kurz den Weg. &#8211; Bei Kaffee\/Tee und adventlichem Kuchen erkl\u00e4rte der Vorsitzende des Forums,Bernd Eggert Herrn Seiters und den anderen G\u00e4sten die Arbeit und bildungspolitische Zielsetzung des Forums. Dann hatten die Sch\u00fclerinnen und Sch\u00fcler Gelegenheit, Herrn Seiters als Zeitzeugen und Mitgestalter der Wiedervereinigung zu befragen. Der Interessenschwerpunkt lag auf den Problemkreisen &#8222;Zusammenf\u00fchrung unterschiedlicher politischer Systeme und Mentalit\u00e4ten&#8220; sowie &#8222;Wie h\u00e4tte die Bundesrepublik sich beim Einsatz milit\u00e4rischer oder polizeilicher Gewalt in der DDR verhalten?&#8220;. Zu letzterem beschrieb Herr Seiters, warum nach Kenntnisstand der Bundesregierung nicht mit milit\u00e4rischer Gewalt in der DDR zu rechnen gewesen sei. Auch die anderen Fragen beantwortete Herr Seiters trotz der K\u00fcrze der Zeit ausf\u00fchrlich.<\/p>\n<p>Die Geschichtswerkstatt wird derzeit umgebaut. Da aber nur noch der Raum, in dem das \u201eDritte Reich\u201c behandelt wird, nicht fertig ist, konnte der gr\u00f6\u00dfte Teil der Werkstatt pr\u00e4sentiert werden. Die Sch\u00fclerinnen und Sch\u00fcler hatten einen Fragenkatalog erhalten. Sie beantworteten ihn anhand der Exponate, und Herr Seiters konnte spontan weitere Erl\u00e4uterungen geben.<\/p>\n<p>Herr Seiters zeigte sich beeindruckt von der Werkstatt und bedankte sich f\u00fcr die Einladung. Die Sch\u00fclerinnen und Sch\u00fcler waren so erfa\u00dft von dem, was sie in der Werkstatt vorfanden, da\u00df sie sich zu sehr in die Ausstellungsst\u00fccke vertieften, um die Verabschiedung von Herrn Seiters wahrzunehmen. &#8211; Ein gr\u00f6\u00dferes Lob seiner Arbeit f\u00fcr urum nicht w\u00fcnschen.<\/p>\n<p><a href=\"https:\/\/www.forum-soegel.de\/forum\/wp-content\/uploads\/DSCF86283.jpg\"><img loading=\"lazy\" decoding=\"async\" class=\"alignnone size-medium wp-image-1566\" title=\"DSCF8628\" src=\"https:\/\/www.forum-soegel.de\/forum\/wp-content\/uploads\/DSCF86283-300x225.jpg\" alt=\"\" width=\"240\" height=\"180\" srcset=\"https:\/\/www.forum-soegel.de\/forum\/wp-content\/uploads\/DSCF86283-300x225.jpg 300w, https:\/\/www.forum-soegel.de\/forum\/wp-content\/uploads\/DSCF86283-1023x767.jpg 1023w\" sizes=\"auto, (max-width: 240px) 100vw, 240px\" \/><\/a> <a href=\"https:\/\/www.forum-soegel.de\/forum\/wp-content\/uploads\/DSCF86412.jpg\"><img loading=\"lazy\" decoding=\"async\" class=\"alignnone size-medium wp-image-1567\" title=\"DSCF8641\" src=\"https:\/\/www.forum-soegel.de\/forum\/wp-content\/uploads\/DSCF86412-300x225.jpg\" alt=\"\" width=\"240\" height=\"180\" srcset=\"https:\/\/www.forum-soegel.de\/forum\/wp-content\/uploads\/DSCF86412-300x225.jpg 300w, https:\/\/www.forum-soegel.de\/forum\/wp-content\/uploads\/DSCF86412-1023x767.jpg 1023w\" sizes=\"auto, (max-width: 240px) 100vw, 240px\" \/><\/a><\/p>\n<p><a href=\"https:\/\/www.forum-soegel.de\/forum\/wp-content\/uploads\/DSCF86441.jpg\"><img loading=\"lazy\" decoding=\"async\" class=\"alignnone size-medium wp-image-1568\" title=\"DSCF8644\" src=\"https:\/\/www.forum-soegel.de\/forum\/wp-content\/uploads\/DSCF86441-225x300.jpg\" alt=\"\" width=\"180\" height=\"240\" srcset=\"https:\/\/www.forum-soegel.de\/forum\/wp-content\/uploads\/DSCF86441-225x300.jpg 225w, https:\/\/www.forum-soegel.de\/forum\/wp-content\/uploads\/DSCF86441-767x1023.jpg 767w\" sizes=\"auto, (max-width: 180px) 100vw, 180px\" \/><\/a> <a href=\"https:\/\/www.forum-soegel.de\/forum\/wp-content\/uploads\/DSCN55311.jpg\"><img loading=\"lazy\" decoding=\"async\" class=\"alignnone size-medium wp-image-1569\" title=\"DSCN5531\" src=\"https:\/\/www.forum-soegel.de\/forum\/wp-content\/uploads\/DSCN55311-300x225.jpg\" alt=\"\" width=\"240\" height=\"180\" srcset=\"https:\/\/www.forum-soegel.de\/forum\/wp-content\/uploads\/DSCN55311-300x225.jpg 300w, https:\/\/www.forum-soegel.de\/forum\/wp-content\/uploads\/DSCN55311-1024x768.jpg 1024w\" sizes=\"auto, (max-width: 240px) 100vw, 240px\" \/><\/a><\/p>\n<p><a href=\"https:\/\/www.forum-soegel.de\/forum\/wp-content\/uploads\/DSCN55392.jpg\"><img loading=\"lazy\" decoding=\"async\" class=\"alignnone size-medium wp-image-1570\" title=\"DSCN5539\" src=\"https:\/\/www.forum-soegel.de\/forum\/wp-content\/uploads\/DSCN55392-225x300.jpg\" alt=\"\" width=\"180\" height=\"240\" srcset=\"https:\/\/www.forum-soegel.de\/forum\/wp-content\/uploads\/DSCN55392-225x300.jpg 225w, https:\/\/www.forum-soegel.de\/forum\/wp-content\/uploads\/DSCN55392-768x1024.jpg 768w\" sizes=\"auto, (max-width: 180px) 100vw, 180px\" \/><\/a> <a href=\"https:\/\/www.forum-soegel.de\/forum\/wp-content\/uploads\/IMG_47432.jpg\"><img loading=\"lazy\" decoding=\"async\" class=\"alignnone size-medium wp-image-1571\" title=\"IMG_4743\" src=\"https:\/\/www.forum-soegel.de\/forum\/wp-content\/uploads\/IMG_47432-300x224.jpg\" alt=\"\" width=\"240\" height=\"179\" srcset=\"https:\/\/www.forum-soegel.de\/forum\/wp-content\/uploads\/IMG_47432-300x224.jpg 300w, https:\/\/www.forum-soegel.de\/forum\/wp-content\/uploads\/IMG_47432-1024x768.jpg 1024w\" sizes=\"auto, (max-width: 240px) 100vw, 240px\" \/><\/a><\/p>\n<p><a href=\"https:\/\/www.forum-soegel.de\/forum\/wp-content\/uploads\/IMG_47471.jpg\"><img loading=\"lazy\" decoding=\"async\" class=\"alignnone size-medium wp-image-1572\" title=\"IMG_4747\" src=\"https:\/\/www.forum-soegel.de\/forum\/wp-content\/uploads\/IMG_47471-300x224.jpg\" alt=\"\" width=\"240\" height=\"179\" srcset=\"https:\/\/www.forum-soegel.de\/forum\/wp-content\/uploads\/IMG_47471-300x224.jpg 300w, https:\/\/www.forum-soegel.de\/forum\/wp-content\/uploads\/IMG_47471-1024x768.jpg 1024w\" sizes=\"auto, (max-width: 240px) 100vw, 240px\" \/><\/a> <a href=\"https:\/\/www.forum-soegel.de\/forum\/wp-content\/uploads\/IMG_47491.jpg\"><img loading=\"lazy\" decoding=\"async\" class=\"alignnone size-medium wp-image-1573\" title=\"IMG_4749\" src=\"https:\/\/www.forum-soegel.de\/forum\/wp-content\/uploads\/IMG_47491-300x224.jpg\" alt=\"\" width=\"240\" height=\"179\" srcset=\"https:\/\/www.forum-soegel.de\/forum\/wp-content\/uploads\/IMG_47491-300x224.jpg 300w, https:\/\/www.forum-soegel.de\/forum\/wp-content\/uploads\/IMG_47491-1024x768.jpg 1024w\" sizes=\"auto, (max-width: 240px) 100vw, 240px\" \/><\/a><\/p>\n<p><a href=\"https:\/\/www.forum-soegel.de\/forum\/wp-content\/uploads\/IMG_47501.jpg\"><img loading=\"lazy\" decoding=\"async\" class=\"alignnone size-medium wp-image-1574\" title=\"IMG_4750\" src=\"https:\/\/www.forum-soegel.de\/forum\/wp-content\/uploads\/IMG_47501-300x224.jpg\" alt=\"\" width=\"240\" height=\"179\" srcset=\"https:\/\/www.forum-soegel.de\/forum\/wp-content\/uploads\/IMG_47501-300x224.jpg 300w, https:\/\/www.forum-soegel.de\/forum\/wp-content\/uploads\/IMG_47501-1024x768.jpg 1024w\" sizes=\"auto, (max-width: 240px) 100vw, 240px\" \/><\/a> <a href=\"https:\/\/www.forum-soegel.de\/forum\/wp-content\/uploads\/IMG_47521.jpg\"><img loading=\"lazy\" decoding=\"async\" class=\"alignnone size-medium wp-image-1575\" title=\"IMG_4752\" src=\"https:\/\/www.forum-soegel.de\/forum\/wp-content\/uploads\/IMG_47521-300x224.jpg\" alt=\"\" width=\"240\" height=\"179\" srcset=\"https:\/\/www.forum-soegel.de\/forum\/wp-content\/uploads\/IMG_47521-300x224.jpg 300w, https:\/\/www.forum-soegel.de\/forum\/wp-content\/uploads\/IMG_47521-1024x768.jpg 1024w\" sizes=\"auto, (max-width: 240px) 100vw, 240px\" \/><\/a><\/p>\n<p><a href=\"https:\/\/www.forum-soegel.de\/forum\/wp-content\/uploads\/IMG_47531.jpg\"><img loading=\"lazy\" decoding=\"async\" class=\"alignnone size-medium wp-image-1576\" title=\"IMG_4753\" src=\"https:\/\/www.forum-soegel.de\/forum\/wp-content\/uploads\/IMG_47531-300x224.jpg\" alt=\"\" width=\"240\" height=\"179\" srcset=\"https:\/\/www.forum-soegel.de\/forum\/wp-content\/uploads\/IMG_47531-300x224.jpg 300w, https:\/\/www.forum-soegel.de\/forum\/wp-content\/uploads\/IMG_47531-1024x768.jpg 1024w\" sizes=\"auto, (max-width: 240px) 100vw, 240px\" \/><\/a> <a href=\"https:\/\/www.forum-soegel.de\/forum\/wp-content\/uploads\/IMG_47541.jpg\"><img loading=\"lazy\" decoding=\"async\" class=\"alignnone size-medium wp-image-1577\" title=\"IMG_4754\" src=\"https:\/\/www.forum-soegel.de\/forum\/wp-content\/uploads\/IMG_47541-300x224.jpg\" alt=\"\" width=\"240\" height=\"179\" srcset=\"https:\/\/www.forum-soegel.de\/forum\/wp-content\/uploads\/IMG_47541-300x224.jpg 300w, https:\/\/www.forum-soegel.de\/forum\/wp-content\/uploads\/IMG_47541-1024x768.jpg 1024w\" sizes=\"auto, (max-width: 240px) 100vw, 240px\" \/><\/a><\/p>\n<p><a href=\"https:\/\/www.forum-soegel.de\/forum\/wp-content\/uploads\/IMG_47551.jpg\"><img loading=\"lazy\" decoding=\"async\" class=\"alignnone size-medium wp-image-1578\" title=\"IMG_4755\" src=\"https:\/\/www.forum-soegel.de\/forum\/wp-content\/uploads\/IMG_47551-300x224.jpg\" alt=\"\" width=\"240\" height=\"179\" srcset=\"https:\/\/www.forum-soegel.de\/forum\/wp-content\/uploads\/IMG_47551-300x224.jpg 300w, https:\/\/www.forum-soegel.de\/forum\/wp-content\/uploads\/IMG_47551-1024x768.jpg 1024w\" sizes=\"auto, (max-width: 240px) 100vw, 240px\" \/><\/a> <a href=\"https:\/\/www.forum-soegel.de\/forum\/wp-content\/uploads\/IMG_47561.jpg\"><img loading=\"lazy\" decoding=\"async\" class=\"alignnone size-medium wp-image-1579\" title=\"IMG_4756\" src=\"https:\/\/www.forum-soegel.de\/forum\/wp-content\/uploads\/IMG_47561-300x224.jpg\" alt=\"\" width=\"240\" height=\"179\" srcset=\"https:\/\/www.forum-soegel.de\/forum\/wp-content\/uploads\/IMG_47561-300x224.jpg 300w, https:\/\/www.forum-soegel.de\/forum\/wp-content\/uploads\/IMG_47561-1024x768.jpg 1024w\" sizes=\"auto, (max-width: 240px) 100vw, 240px\" \/><\/a><\/p>\n<p><a href=\"https:\/\/www.forum-soegel.de\/forum\/wp-content\/uploads\/DSCF86411.jpg\"> <\/a><\/p>\n<p><a href=\"https:\/\/www.forum-soegel.de\/forum\/wp-content\/uploads\/IMG_4749.jpg\"><br \/>\n<\/a><\/p>\n<address> <\/address>\n<address> <\/address>\n<address> <\/address>\n<address> <\/address>\n<address> <\/address>\n<address> <\/address>\n<address>Text\/Bilder: Uwe M\u00fcller <\/address>\n<address>Internt: G.Lipport<\/address>\n","protected":false},"excerpt":{"rendered":"Am Dienstag, dem 18. 12. 2012, besuchte ein Mitgestalter j\u00fcngster Geschichte die Geschichts- und Zukunftswerkstatt des Forums S\u00f6gel. Dr. Rudolf Seiters, Pr\u00e4sident des Deutschen Roten Kreuzes, Bundesinnenminister a. D., Leiter des Bundeskanzleramts zur Zeit der Wiedervereinigung und F\u00fchrer der Verhandlungen der Bundesrepublik mit der DDR, kam auf Einladung des S\u00f6geler Ehrenb\u00fcrgermeisters Heiner Wellenbrock und des [&hellip;]\n","protected":false},"author":2,"featured_media":0,"comment_status":"open","ping_status":"open","sticky":false,"template":"","format":"standard","meta":{"ngg_post_thumbnail":0,"footnotes":""},"categories":[1],"tags":[],"class_list":["post-1519","post","type-post","status-publish","format-standard","hentry","category-veranstaltungen"],"_links":{"self":[{"href":"https:\/\/www.forum-soegel.de\/forum\/wp-json\/wp\/v2\/posts\/1519","targetHints":{"allow":["GET"]}}],"collection":[{"href":"https:\/\/www.forum-soegel.de\/forum\/wp-json\/wp\/v2\/posts"}],"about":[{"href":"https:\/\/www.forum-soegel.de\/forum\/wp-json\/wp\/v2\/types\/post"}],"author":[{"embeddable":true,"href":"https:\/\/www.forum-soegel.de\/forum\/wp-json\/wp\/v2\/users\/2"}],"replies":[{"embeddable":true,"href":"https:\/\/www.forum-soegel.de\/forum\/wp-json\/wp\/v2\/comments?post=1519"}],"version-history":[{"count":24,"href":"https:\/\/www.forum-soegel.de\/forum\/wp-json\/wp\/v2\/posts\/1519\/revisions"}],"predecessor-version":[{"id":1545,"href":"https:\/\/www.forum-soegel.de\/forum\/wp-json\/wp\/v2\/posts\/1519\/revisions\/1545"}],"wp:attachment":[{"href":"https:\/\/www.forum-soegel.de\/forum\/wp-json\/wp\/v2\/media?parent=1519"}],"wp:term":[{"taxonomy":"category","embeddable":true,"href":"https:\/\/www.forum-soegel.de\/forum\/wp-json\/wp\/v2\/categories?post=1519"},{"taxonomy":"post_tag","embeddable":true,"href":"https:\/\/www.forum-soegel.de\/forum\/wp-json\/wp\/v2\/tags?post=1519"}],"curies":[{"name":"wp","href":"https:\/\/api.w.org\/{rel}","templated":true}]}}