{"id":1491,"date":"2012-11-03T13:17:57","date_gmt":"2012-11-03T12:17:57","guid":{"rendered":"https:\/\/www.forum-soegel.de\/forum\/?p=1491"},"modified":"2012-11-03T13:17:57","modified_gmt":"2012-11-03T12:17:57","slug":"von-sogel-zur-varusschlacht-mitgliederfahrt-2012","status":"publish","type":"post","link":"https:\/\/www.forum-soegel.de\/forum\/archives\/1491","title":{"rendered":"Von S\u00f6gel zur Varusschlacht  &#8211;  Mitgliederfahrt 2012"},"content":{"rendered":"<p><strong>Von S\u00f6gel zur Varusschlacht\u00a0 &#8211;\u00a0 Mitgliederfahrt 2012<\/strong><\/p>\n<p>Am Sonntag, dem 7. 10. 2012, um 9.30 Uhr fuhr ein gro\u00dfer Bus vom Parkplatz der Geschichtswerkstatt S\u00f6gel mit Mitgliedern des Forums S\u00f6gel und deren Partnern in Richtung Osnabr\u00fcck. Im Gegensatz zu den Tagen vorher war Petrus wohlgesonnen. In einer guten Stunde erreichte der Bus Kalkriese und die Ausstellung zur Varusschlacht. Dort wurde diese Schlacht, die sicherlich zu den wichtigsten der europ\u00e4ischen Geschichte geh\u00f6rt, von einer Museumsmitarbeiterin anschaulich und kompetent erl\u00e4utert. Ebenso gestaltete sich die anschlie\u00dfende F\u00fchrung durch das Museum. Im Gel\u00e4nde um das Museum fand zuf\u00e4lligerweise eine lebendige Darstellung r\u00f6mischen Lebens mit Schwerpunkt auf Milit\u00e4rgeschichte statt.<\/p>\n<p>Nach ausgiebigem Mittagessen ging&#8217;s weiter zum Museum f\u00fcr Industriekultur auf dem Piesberg am Rande Osnabr\u00fccks. Dort wurde nach Darstellungen der regionalen Geologie\u00a0 die Maschinenhalle des fr\u00fcheren Bergbaus nicht nur erkl\u00e4rt, sondern auch in Betrieb genommen. Kr\u00f6nenden Abschlu\u00df bildete au\u00dfer einer Grubenfahrt die F\u00fchrung durch einen offen gelassenen Stollen zu einem Eisenbahnmuseum.<\/p>\n<p>Da das Wetter sch\u00f6n blieb, fuhr die Gruppe anschlie\u00dfend ins Zentrum von Osnabr\u00fcck. Hier besuchte jeder auf eigene Faust die heimelige Altstadt, das Rathaus, den Dom oder andere Kirchen. Zum Abschlu\u00df sa\u00df man noch beisammen auf der sonnigen Terrasse eines Restaurants und war der einhelligen Meinung, da\u00df alle, die nicht an der Tour teilgenommen hatten, viel vers\u00e4umt haben.<\/p>\n<p>Text: Uwe M\u00fcller, Bilder: Klaus Sch\u00e4ffner<\/p>\n<p><a href=\"https:\/\/www.forum-soegel.de\/forum\/wp-content\/uploads\/Mitgliederfahrt-2012-0061.jpg\"><img loading=\"lazy\" decoding=\"async\" class=\"alignnone size-medium wp-image-1496\" title=\"Mitgliederfahrt 2012 006\" src=\"https:\/\/www.forum-soegel.de\/forum\/wp-content\/uploads\/Mitgliederfahrt-2012-0061-300x225.jpg\" alt=\"\" width=\"210\" height=\"158\" srcset=\"https:\/\/www.forum-soegel.de\/forum\/wp-content\/uploads\/Mitgliederfahrt-2012-0061-300x225.jpg 300w, https:\/\/www.forum-soegel.de\/forum\/wp-content\/uploads\/Mitgliederfahrt-2012-0061.jpg 1000w\" sizes=\"auto, (max-width: 210px) 100vw, 210px\" \/><\/a> <a href=\"https:\/\/www.forum-soegel.de\/forum\/wp-content\/uploads\/Mitgliederfahrt-2012-008.jpg\"><img loading=\"lazy\" decoding=\"async\" class=\"alignnone size-medium wp-image-1497\" title=\"Mitgliederfahrt 2012 008\" src=\"https:\/\/www.forum-soegel.de\/forum\/wp-content\/uploads\/Mitgliederfahrt-2012-008-300x225.jpg\" alt=\"\" width=\"210\" height=\"158\" srcset=\"https:\/\/www.forum-soegel.de\/forum\/wp-content\/uploads\/Mitgliederfahrt-2012-008-300x225.jpg 300w, https:\/\/www.forum-soegel.de\/forum\/wp-content\/uploads\/Mitgliederfahrt-2012-008.jpg 1000w\" sizes=\"auto, (max-width: 210px) 100vw, 210px\" \/><\/a><\/p>\n<p><a href=\"https:\/\/www.forum-soegel.de\/forum\/wp-content\/uploads\/Mitgliederfahrt-2012-013.jpg\"><img loading=\"lazy\" decoding=\"async\" class=\"alignnone size-medium wp-image-1498\" title=\"Mitgliederfahrt 2012 013\" src=\"https:\/\/www.forum-soegel.de\/forum\/wp-content\/uploads\/Mitgliederfahrt-2012-013-300x225.jpg\" alt=\"\" width=\"210\" height=\"158\" srcset=\"https:\/\/www.forum-soegel.de\/forum\/wp-content\/uploads\/Mitgliederfahrt-2012-013-300x225.jpg 300w, https:\/\/www.forum-soegel.de\/forum\/wp-content\/uploads\/Mitgliederfahrt-2012-013.jpg 1000w\" sizes=\"auto, (max-width: 210px) 100vw, 210px\" \/><\/a> <a href=\"https:\/\/www.forum-soegel.de\/forum\/wp-content\/uploads\/Mitgliederfahrt-2012-019.jpg\"><img loading=\"lazy\" decoding=\"async\" class=\"alignnone size-medium wp-image-1499\" title=\"Mitgliederfahrt 2012 019\" src=\"https:\/\/www.forum-soegel.de\/forum\/wp-content\/uploads\/Mitgliederfahrt-2012-019-300x225.jpg\" alt=\"\" width=\"210\" height=\"158\" srcset=\"https:\/\/www.forum-soegel.de\/forum\/wp-content\/uploads\/Mitgliederfahrt-2012-019-300x225.jpg 300w, https:\/\/www.forum-soegel.de\/forum\/wp-content\/uploads\/Mitgliederfahrt-2012-019.jpg 1000w\" sizes=\"auto, (max-width: 210px) 100vw, 210px\" \/><\/a><\/p>\n<p><a href=\"https:\/\/www.forum-soegel.de\/forum\/wp-content\/uploads\/Mitgliederfahrt-2012-025.jpg\"><img loading=\"lazy\" decoding=\"async\" class=\"alignnone size-medium wp-image-1500\" title=\"Mitgliederfahrt 2012 025\" src=\"https:\/\/www.forum-soegel.de\/forum\/wp-content\/uploads\/Mitgliederfahrt-2012-025-300x225.jpg\" alt=\"\" width=\"210\" height=\"158\" srcset=\"https:\/\/www.forum-soegel.de\/forum\/wp-content\/uploads\/Mitgliederfahrt-2012-025-300x225.jpg 300w, https:\/\/www.forum-soegel.de\/forum\/wp-content\/uploads\/Mitgliederfahrt-2012-025.jpg 1000w\" sizes=\"auto, (max-width: 210px) 100vw, 210px\" \/><\/a> <a href=\"https:\/\/www.forum-soegel.de\/forum\/wp-content\/uploads\/Mitgliederfahrt-2012-027.jpg\"><img loading=\"lazy\" decoding=\"async\" class=\"alignnone size-medium wp-image-1501\" title=\"Mitgliederfahrt 2012 027\" src=\"https:\/\/www.forum-soegel.de\/forum\/wp-content\/uploads\/Mitgliederfahrt-2012-027-300x225.jpg\" alt=\"\" width=\"210\" height=\"158\" srcset=\"https:\/\/www.forum-soegel.de\/forum\/wp-content\/uploads\/Mitgliederfahrt-2012-027-300x225.jpg 300w, https:\/\/www.forum-soegel.de\/forum\/wp-content\/uploads\/Mitgliederfahrt-2012-027.jpg 1000w\" sizes=\"auto, (max-width: 210px) 100vw, 210px\" \/><\/a><\/p>\n<p><a href=\"https:\/\/www.forum-soegel.de\/forum\/wp-content\/uploads\/Mitgliederfahrt-2012-028.jpg\"><img loading=\"lazy\" decoding=\"async\" class=\"alignnone size-medium wp-image-1502\" title=\"Mitgliederfahrt 2012 028\" src=\"https:\/\/www.forum-soegel.de\/forum\/wp-content\/uploads\/Mitgliederfahrt-2012-028-300x225.jpg\" alt=\"\" width=\"210\" height=\"158\" srcset=\"https:\/\/www.forum-soegel.de\/forum\/wp-content\/uploads\/Mitgliederfahrt-2012-028-300x225.jpg 300w, https:\/\/www.forum-soegel.de\/forum\/wp-content\/uploads\/Mitgliederfahrt-2012-028.jpg 1000w\" sizes=\"auto, (max-width: 210px) 100vw, 210px\" \/><\/a> <a href=\"https:\/\/www.forum-soegel.de\/forum\/wp-content\/uploads\/Mitgliederfahrt-2012-030.jpg\"><img loading=\"lazy\" decoding=\"async\" class=\"alignnone size-medium wp-image-1503\" title=\"Mitgliederfahrt 2012 030\" src=\"https:\/\/www.forum-soegel.de\/forum\/wp-content\/uploads\/Mitgliederfahrt-2012-030-300x225.jpg\" alt=\"\" width=\"210\" height=\"158\" srcset=\"https:\/\/www.forum-soegel.de\/forum\/wp-content\/uploads\/Mitgliederfahrt-2012-030-300x225.jpg 300w, https:\/\/www.forum-soegel.de\/forum\/wp-content\/uploads\/Mitgliederfahrt-2012-030.jpg 1000w\" sizes=\"auto, (max-width: 210px) 100vw, 210px\" \/><\/a><\/p>\n<p><a href=\"https:\/\/www.forum-soegel.de\/forum\/wp-content\/uploads\/Mitgliederfahrt-2012-034.jpg\"><img loading=\"lazy\" decoding=\"async\" class=\"alignnone size-medium wp-image-1504\" title=\"Mitgliederfahrt 2012 034\" src=\"https:\/\/www.forum-soegel.de\/forum\/wp-content\/uploads\/Mitgliederfahrt-2012-034-300x225.jpg\" alt=\"\" width=\"210\" height=\"158\" srcset=\"https:\/\/www.forum-soegel.de\/forum\/wp-content\/uploads\/Mitgliederfahrt-2012-034-300x225.jpg 300w, https:\/\/www.forum-soegel.de\/forum\/wp-content\/uploads\/Mitgliederfahrt-2012-034.jpg 1000w\" sizes=\"auto, (max-width: 210px) 100vw, 210px\" \/><\/a><\/p>\n","protected":false},"excerpt":{"rendered":"Von S\u00f6gel zur Varusschlacht\u00a0 &#8211;\u00a0 Mitgliederfahrt 2012 Am Sonntag, dem 7. 10. 2012, um 9.30 Uhr fuhr ein gro\u00dfer Bus vom Parkplatz der Geschichtswerkstatt S\u00f6gel mit Mitgliedern des Forums S\u00f6gel und deren Partnern in Richtung Osnabr\u00fcck. Im Gegensatz zu den Tagen vorher war Petrus wohlgesonnen. In einer guten Stunde erreichte der Bus Kalkriese und die [&hellip;]\n","protected":false},"author":2,"featured_media":0,"comment_status":"open","ping_status":"open","sticky":false,"template":"","format":"standard","meta":{"ngg_post_thumbnail":0,"footnotes":""},"categories":[1],"tags":[],"class_list":["post-1491","post","type-post","status-publish","format-standard","hentry","category-veranstaltungen"],"_links":{"self":[{"href":"https:\/\/www.forum-soegel.de\/forum\/wp-json\/wp\/v2\/posts\/1491","targetHints":{"allow":["GET"]}}],"collection":[{"href":"https:\/\/www.forum-soegel.de\/forum\/wp-json\/wp\/v2\/posts"}],"about":[{"href":"https:\/\/www.forum-soegel.de\/forum\/wp-json\/wp\/v2\/types\/post"}],"author":[{"embeddable":true,"href":"https:\/\/www.forum-soegel.de\/forum\/wp-json\/wp\/v2\/users\/2"}],"replies":[{"embeddable":true,"href":"https:\/\/www.forum-soegel.de\/forum\/wp-json\/wp\/v2\/comments?post=1491"}],"version-history":[{"count":6,"href":"https:\/\/www.forum-soegel.de\/forum\/wp-json\/wp\/v2\/posts\/1491\/revisions"}],"predecessor-version":[{"id":1509,"href":"https:\/\/www.forum-soegel.de\/forum\/wp-json\/wp\/v2\/posts\/1491\/revisions\/1509"}],"wp:attachment":[{"href":"https:\/\/www.forum-soegel.de\/forum\/wp-json\/wp\/v2\/media?parent=1491"}],"wp:term":[{"taxonomy":"category","embeddable":true,"href":"https:\/\/www.forum-soegel.de\/forum\/wp-json\/wp\/v2\/categories?post=1491"},{"taxonomy":"post_tag","embeddable":true,"href":"https:\/\/www.forum-soegel.de\/forum\/wp-json\/wp\/v2\/tags?post=1491"}],"curies":[{"name":"wp","href":"https:\/\/api.w.org\/{rel}","templated":true}]}}