{"id":1338,"date":"2012-08-08T19:00:44","date_gmt":"2012-08-08T17:00:44","guid":{"rendered":"https:\/\/www.forum-soegel.de\/forum\/?p=1338"},"modified":"2012-08-08T19:20:47","modified_gmt":"2012-08-08T17:20:47","slug":"mit-dem-fahrrad-uber-den-hummling","status":"publish","type":"post","link":"https:\/\/www.forum-soegel.de\/forum\/archives\/1338","title":{"rendered":"Mit dem Fahrrad \u00fcber den H\u00fcmmling"},"content":{"rendered":"<p>Im Rahmen des KULTOURsommer Programms des Landkreises Emsland bot der Heimatverein Rastdorf eine Tour an: \u201eMit dem Fahrrad \u00fcber den H\u00fcmmling\u201c. So machten sich 21 Radler und Radlerinnen am Sonntag, 05. August auf den Weg nach S\u00f6gel, um hier die Geschichts- und Zukunftswerkstatt des FORUM S\u00f6gel e.V. zu besuchen. Nach einer kurzen Vorstellung des Vereins, wobei schwerpunktm\u00e4\u00dfig die Bildungsziele hervorgehoben wurden, f\u00fchrte der anschlie\u00dfende Rundgang die Besucher durch den Zeitabschnitt der 1. H\u00e4lfte des<\/p>\n<p>19. Jahrhunderts. Wie war damals die politische Situation, wie gestaltete sich die Landschaft auf dem H\u00fcmmling, wie lebten die Menschen in der Region: all das\u00a0 und mehr erfuhren die Besucher anhand der Pr\u00e4sentation in der Geschichts- und Zukunftswerkstatt. Viele Fragen zeugten von dem gezielten Interesse der Besucher an den heimatgeschichtlichen Entwicklungen.<\/p>\n<p>\u201eWarum sind die Wege in den H\u00fcmmlinger W\u00e4ldern zumeist rechteckig angelegt?\u201c fragte eine Teilnehmerin. \u201e Ja, das h\u00e4ngt zusammen mit dem damaligen Einsatz der Pfl\u00fcge, die an einem Stahlseil von 2 Lokomobilen hin und her gezogen wurden\u201c, so die Erkl\u00e4rung im Zusammenhang mit den Verdiensten des Herzogs von Arenberg um die Wiederaufforstung des H\u00fcmmlings.<\/p>\n<p>Auch ein Blick in die benachbarte Katholische \u00d6ffentliche B\u00fccherei (K\u00d6B) geh\u00f6rte zum Besuchsprogramm. Die geschichtliche Literatursammlung stie\u00df auf besonderes Interesse,<\/p>\n<p>weil dort unter anderem diverse Werke \u00fcber das \u201ealte\u201c Wahn und das \u201eneue\u201c Rastdorf zu finden sind.<\/p>\n<p>Auf den Hinweis, dass die Erweiterung der Pr\u00e4sentation um den Zeitabschnitt bis 1945 in K\u00fcrze fertig gestellt sein wird, war die einhellige Meinung: \u201eGespannt darauf, schauen wir dann wieder mal rein\u201c.<\/p>\n<p><a href=\"https:\/\/www.forum-soegel.de\/forum\/wp-content\/uploads\/IMG_4383.jpg\"><img loading=\"lazy\" decoding=\"async\" class=\"alignnone size-medium wp-image-1339\" title=\"IMG_4383\" src=\"https:\/\/www.forum-soegel.de\/forum\/wp-content\/uploads\/IMG_4383-300x224.jpg\" alt=\"\" width=\"300\" height=\"224\" srcset=\"https:\/\/www.forum-soegel.de\/forum\/wp-content\/uploads\/IMG_4383-300x224.jpg 300w, https:\/\/www.forum-soegel.de\/forum\/wp-content\/uploads\/IMG_4383-1024x768.jpg 1024w\" sizes=\"auto, (max-width: 300px) 100vw, 300px\" \/><\/a> <a href=\"https:\/\/www.forum-soegel.de\/forum\/wp-content\/uploads\/IMG_4384.jpg\"><img loading=\"lazy\" decoding=\"async\" class=\"alignnone size-medium wp-image-1340\" title=\"IMG_4384\" src=\"https:\/\/www.forum-soegel.de\/forum\/wp-content\/uploads\/IMG_4384-300x224.jpg\" alt=\"\" width=\"300\" height=\"224\" srcset=\"https:\/\/www.forum-soegel.de\/forum\/wp-content\/uploads\/IMG_4384-300x224.jpg 300w, https:\/\/www.forum-soegel.de\/forum\/wp-content\/uploads\/IMG_4384-1024x768.jpg 1024w\" sizes=\"auto, (max-width: 300px) 100vw, 300px\" \/><\/a><\/p>\n<p style=\"text-align: center;\"><a href=\"https:\/\/www.forum-soegel\/forum\/aktuelles\"><br \/>\n<\/a><\/p>\n","protected":false},"excerpt":{"rendered":"Im Rahmen des KULTOURsommer Programms des Landkreises Emsland bot der Heimatverein Rastdorf eine Tour an: \u201eMit dem Fahrrad \u00fcber den H\u00fcmmling\u201c. So machten sich 21 Radler und Radlerinnen am Sonntag, 05. August auf den Weg nach S\u00f6gel, um hier die Geschichts- und Zukunftswerkstatt des FORUM S\u00f6gel e.V. zu besuchen. Nach einer kurzen Vorstellung des Vereins, [&hellip;]\n","protected":false},"author":2,"featured_media":0,"comment_status":"open","ping_status":"open","sticky":false,"template":"","format":"standard","meta":{"ngg_post_thumbnail":0,"footnotes":""},"categories":[1],"tags":[],"class_list":["post-1338","post","type-post","status-publish","format-standard","hentry","category-veranstaltungen"],"_links":{"self":[{"href":"https:\/\/www.forum-soegel.de\/forum\/wp-json\/wp\/v2\/posts\/1338","targetHints":{"allow":["GET"]}}],"collection":[{"href":"https:\/\/www.forum-soegel.de\/forum\/wp-json\/wp\/v2\/posts"}],"about":[{"href":"https:\/\/www.forum-soegel.de\/forum\/wp-json\/wp\/v2\/types\/post"}],"author":[{"embeddable":true,"href":"https:\/\/www.forum-soegel.de\/forum\/wp-json\/wp\/v2\/users\/2"}],"replies":[{"embeddable":true,"href":"https:\/\/www.forum-soegel.de\/forum\/wp-json\/wp\/v2\/comments?post=1338"}],"version-history":[{"count":7,"href":"https:\/\/www.forum-soegel.de\/forum\/wp-json\/wp\/v2\/posts\/1338\/revisions"}],"predecessor-version":[{"id":1343,"href":"https:\/\/www.forum-soegel.de\/forum\/wp-json\/wp\/v2\/posts\/1338\/revisions\/1343"}],"wp:attachment":[{"href":"https:\/\/www.forum-soegel.de\/forum\/wp-json\/wp\/v2\/media?parent=1338"}],"wp:term":[{"taxonomy":"category","embeddable":true,"href":"https:\/\/www.forum-soegel.de\/forum\/wp-json\/wp\/v2\/categories?post=1338"},{"taxonomy":"post_tag","embeddable":true,"href":"https:\/\/www.forum-soegel.de\/forum\/wp-json\/wp\/v2\/tags?post=1338"}],"curies":[{"name":"wp","href":"https:\/\/api.w.org\/{rel}","templated":true}]}}